{"id":168,"date":"2026-04-28T09:34:55","date_gmt":"2026-04-28T14:34:55","guid":{"rendered":"https:\/\/guiarestobar.pe\/blog\/?p=168"},"modified":"2026-04-28T09:34:55","modified_gmt":"2026-04-28T14:34:55","slug":"el-dulce-legado-que-no-pasa-de-moda-los-postres-de-antano-conquistan-miraflores","status":"publish","type":"post","link":"https:\/\/guiarestobar.pe\/blog\/el-dulce-legado-que-no-pasa-de-moda-los-postres-de-antano-conquistan-miraflores\/","title":{"rendered":"El dulce legado que no pasa de moda: Los postres de anta\u00f1o conquistan Miraflores"},"content":{"rendered":"\n<p id=\"p-rc_213d890fed3ad0c3-99\">La tradici\u00f3n m\u00e1s dulce del Per\u00fa se dio cita en el coraz\u00f3n de <strong>Miraflores<\/strong>. El \u00faltimo fin de semana, el <strong>D\u00eda del Dulce Peruano<\/strong> transform\u00f3 el Pasaje Porta en un fest\u00edn de nostalgia y sabor, congregando a decenas de familias que buscaron reencontrarse con los sabores que marcaron su infancia<sup><\/sup><sup><\/sup><sup><\/sup>.<\/p>\n\n\n\n<p id=\"p-rc_213d890fed3ad0c3-100\">Esta celebraci\u00f3n, que se conmemora cada cuarto s\u00e1bado de abril desde hace 16 a\u00f1os, es fruto de la visi\u00f3n de <strong>Elizabeth Du Bois<\/strong>, directora de <strong>Dulce Per\u00fa<\/strong>. Su labor incansable busca no solo preservar el legado culinario del pa\u00eds, sino tambi\u00e9n reconocer el valor cultural de nuestra reposter\u00eda y brindar un vitrina comercial a los emprendedores del sector<sup><\/sup>.<\/p>\n\n\n\n<h3 class=\"wp-block-heading\">Un recorrido por los sabores de la memoria<\/h3>\n\n\n\n<p>El evento fue una exhibici\u00f3n de maestr\u00eda repostera donde brillaron joyas olvidadas y cl\u00e1sicos vigentes. Entre los protagonistas de la jornada destacaron:<\/p>\n\n\n\n<ul class=\"wp-block-list\">\n<li><strong>Postres de Anta\u00f1o<\/strong>: Joyas como el <strong>sanguito<\/strong>, el <strong>ranfa\u00f1ote<\/strong> y la sofisticada <strong>bola de oro<\/strong> recordaron a los asistentes la complejidad de nuestra herencia.<\/li>\n\n\n\n<li><strong>Cl\u00e1sicos de Convento<\/strong>: El <strong>arroz con leche de convento<\/strong>, los <strong>guarg\u00fceros<\/strong> y el <strong>frejol colado<\/strong> demostraron por qu\u00e9 siguen siendo los favoritos de las mesas peruanas.<\/li>\n\n\n\n<li><strong>Los Infaltables<\/strong>: No pudieron faltar la <strong>mazamorra morada<\/strong>, los <strong>picarones<\/strong>, el <strong>arroz zambito<\/strong> y el <strong>bud\u00edn de chancay<\/strong>, junto a delicias como el <strong>huevo chimbo<\/strong>, el <strong>man\u00e1<\/strong> y el <strong>tocino de cielo<\/strong>.<\/li>\n<\/ul>\n\n\n\n<p id=\"p-rc_213d890fed3ad0c3-103\">Para el sector gastron\u00f3mico en distritos como <strong>Miraflores<\/strong> o <strong>Surco<\/strong>, estas ferias no son solo eventos culturales; son plataformas que validan el potencial de la <strong>reposter\u00eda tradicional<\/strong> como un modelo de negocio rentable<sup><\/sup><sup><\/sup><sup><\/sup><sup><\/sup>. El auge de los postres de anta\u00f1o confirma una tendencia clara: el comensal actual valora la autenticidad y las historias que hay detr\u00e1s de cada receta<sup><\/sup>. Promover su difusi\u00f3n y consumo fortalece la identidad nacional y dinamiza la econom\u00eda local de los peque\u00f1os productores.<\/p>\n\n\n\n<p id=\"p-rc_213d890fed3ad0c3-104\">El \u00e9xito del D\u00eda del Dulce Peruano reafirma que nuestra gastronom\u00eda es un patrimonio vivo que trasciende generaciones<sup><\/sup>. Mantener vigentes estos sabores es asegurar que el futuro de la cocina peruana siga siendo tan rico y diverso como su pasado.<\/p>\n","protected":false},"excerpt":{"rendered":"<p>La tradici\u00f3n m\u00e1s dulce del Per\u00fa se dio cita en el coraz\u00f3n de Miraflores. El \u00faltimo fin de semana, el D\u00eda del Dulce Peruano transform\u00f3 el Pasaje Porta en un fest\u00edn de nostalgia y sabor, congregando a decenas de familias que buscaron reencontrarse con los sabores que marcaron su infancia. Esta celebraci\u00f3n, que se conmemora [&hellip;]<\/p>\n","protected":false},"author":1,"featured_media":169,"comment_status":"closed","ping_status":"closed","sticky":false,"template":"","format":"standard","meta":{"footnotes":""},"categories":[5],"tags":[],"class_list":["post-168","post","type-post","status-publish","format-standard","has-post-thumbnail","hentry","category-noticias"],"blocksy_meta":[],"_links":{"self":[{"href":"https:\/\/guiarestobar.pe\/blog\/wp-json\/wp\/v2\/posts\/168","targetHints":{"allow":["GET"]}}],"collection":[{"href":"https:\/\/guiarestobar.pe\/blog\/wp-json\/wp\/v2\/posts"}],"about":[{"href":"https:\/\/guiarestobar.pe\/blog\/wp-json\/wp\/v2\/types\/post"}],"author":[{"embeddable":true,"href":"https:\/\/guiarestobar.pe\/blog\/wp-json\/wp\/v2\/users\/1"}],"replies":[{"embeddable":true,"href":"https:\/\/guiarestobar.pe\/blog\/wp-json\/wp\/v2\/comments?post=168"}],"version-history":[{"count":1,"href":"https:\/\/guiarestobar.pe\/blog\/wp-json\/wp\/v2\/posts\/168\/revisions"}],"predecessor-version":[{"id":170,"href":"https:\/\/guiarestobar.pe\/blog\/wp-json\/wp\/v2\/posts\/168\/revisions\/170"}],"wp:featuredmedia":[{"embeddable":true,"href":"https:\/\/guiarestobar.pe\/blog\/wp-json\/wp\/v2\/media\/169"}],"wp:attachment":[{"href":"https:\/\/guiarestobar.pe\/blog\/wp-json\/wp\/v2\/media?parent=168"}],"wp:term":[{"taxonomy":"category","embeddable":true,"href":"https:\/\/guiarestobar.pe\/blog\/wp-json\/wp\/v2\/categories?post=168"},{"taxonomy":"post_tag","embeddable":true,"href":"https:\/\/guiarestobar.pe\/blog\/wp-json\/wp\/v2\/tags?post=168"}],"curies":[{"name":"wp","href":"https:\/\/api.w.org\/{rel}","templated":true}]}}